{"id":287,"date":"2018-09-17T09:50:24","date_gmt":"2018-09-17T07:50:24","guid":{"rendered":"http:\/\/theoretikerclub.de\/?p=287"},"modified":"2018-09-17T09:50:24","modified_gmt":"2018-09-17T07:50:24","slug":"heisser-lese-herbst","status":"publish","type":"post","link":"http:\/\/theoretikerclub.de\/index.php\/2018\/09\/17\/heisser-lese-herbst\/","title":{"rendered":"Hei\u00dfer Lese-Herbst"},"content":{"rendered":"<p><img loading=\"lazy\" class=\"alignnone  wp-image-288\" src=\"http:\/\/theoretikerclub.de\/wp-content\/uploads\/2018\/09\/Lesereisen-300x205.jpg\" alt=\"\" width=\"452\" height=\"309\" srcset=\"http:\/\/theoretikerclub.de\/wp-content\/uploads\/2018\/09\/Lesereisen-300x205.jpg 300w, http:\/\/theoretikerclub.de\/wp-content\/uploads\/2018\/09\/Lesereisen-768x525.jpg 768w, http:\/\/theoretikerclub.de\/wp-content\/uploads\/2018\/09\/Lesereisen-1024x700.jpg 1024w, http:\/\/theoretikerclub.de\/wp-content\/uploads\/2018\/09\/Lesereisen.jpg 1378w\" sizes=\"(max-width: 452px) 100vw, 452px\" \/><\/p>\n<p>In Bayern hat nun endlich auch wieder die Schule angefangen. F\u00fcr Kinderbuchautoren hei\u00dft das gleichzeitig, dass die neue Lese-Saison anf\u00e4ngt. Meine ist in diesem Herbst sehr ausf\u00fchrlich. 44 Lesungen stehen auf dem Programm und die Reisen f\u00fchren mich ziemlich weit. Bis hoch nach M\u00fcnster oder G\u00f6ttingen. Was ganz fein ist: Ganz viele Gelegenheiten, bei denen ich im Herbst am Bodensee lesen darf!<\/p>\n<p>Einige Locations kenne ich schon und freue mich sehr auf ein Wiedersehen. Zum Beispiel mit einem bildsch\u00f6nen Fulda, mit dem entdeckungsreichen Vogtland und mit der alten ehrw\u00fcrdigen Hauptstadt Bonn.<\/p>\n<p>Hier k\u00f6nnt Ihr der \u201eLinkslesest\u00e4rke\u201c, dem \u201eTheoretikerclub\u201c und den \u201eTrabbel-Drillingen\u201c lauschen. In Pforzheim und in Northeim k\u00f6nnt Ihr sogar dazu auch noch leckere Pralinen mit mir machen.<\/p>\n<p>Wer will noch? Nat\u00fcrlich nehme ich auch noch weitere Anfragen an.<\/p>\n<p><em>Und hier alle Termine im \u00dcberblick:<\/em><\/p>\n<p><strong>Gunzenhausen<\/strong>, Stadtb\u00fccherei, \u201eTheoretikerclub\u201c, 17. September, 16 Uhr<\/p>\n<p><strong>M\u00fcnster<\/strong>, Arnold-Jansen,Gymnasium, \u201eThereoretikerclub\u201c, 21. September, Schul-Lesung<\/p>\n<p><strong>Fulda<\/strong>, im Rahmen des Leseslands Hessen, 24. September, Schul-Lesungen<\/p>\n<p><strong>Vogtland, LiteraturWagen,\u00a0<\/strong> 25. September- 28. September<\/p>\n<p><strong>K\u00e4pt\u2019n Book Lesesfestival<\/strong>, Bonn und Rheinland, 10.-12. Oktober<\/p>\n<p><strong>Gilching<\/strong>, Buchhandlung Leselust, 14.Oktober, 15 Uhr<\/p>\n<p><strong>T\u00fcbingen<\/strong>, Frederik Tage, 15.-19. Oktober<\/p>\n<p><strong>Konstanz<\/strong>, 7. und 8. November<\/p>\n<p><strong>Pforzheim<\/strong>, Thalia, 10. November, 14-17 Uhr Pralinen-Workshop<\/p>\n<p><strong>Singen und Stockach<\/strong>, Jugendbuchtage, 14. \u2013 16. November<\/p>\n<p><strong>Northeim<\/strong>, 22. November, Buchhandlung Grimpe, 16 Uhr Pralinenworkshop<\/p>\n","protected":false},"excerpt":{"rendered":"<p>In Bayern hat nun endlich auch wieder die Schule angefangen. F\u00fcr Kinderbuchautoren hei\u00dft das gleichzeitig, dass die neue Lese-Saison anf\u00e4ngt. Meine ist in diesem Herbst sehr ausf\u00fchrlich. 44 Lesungen stehen <a class=\"more-link\" href=\"http:\/\/theoretikerclub.de\/index.php\/2018\/09\/17\/heisser-lese-herbst\/\">Continue Reading \u2192<\/a><\/p>\n","protected":false},"author":1,"featured_media":0,"comment_status":"open","ping_status":"open","sticky":false,"template":"","format":"standard","meta":[],"categories":[1],"tags":[],"_links":{"self":[{"href":"http:\/\/theoretikerclub.de\/index.php\/wp-json\/wp\/v2\/posts\/287"}],"collection":[{"href":"http:\/\/theoretikerclub.de\/index.php\/wp-json\/wp\/v2\/posts"}],"about":[{"href":"http:\/\/theoretikerclub.de\/index.php\/wp-json\/wp\/v2\/types\/post"}],"author":[{"embeddable":true,"href":"http:\/\/theoretikerclub.de\/index.php\/wp-json\/wp\/v2\/users\/1"}],"replies":[{"embeddable":true,"href":"http:\/\/theoretikerclub.de\/index.php\/wp-json\/wp\/v2\/comments?post=287"}],"version-history":[{"count":1,"href":"http:\/\/theoretikerclub.de\/index.php\/wp-json\/wp\/v2\/posts\/287\/revisions"}],"predecessor-version":[{"id":289,"href":"http:\/\/theoretikerclub.de\/index.php\/wp-json\/wp\/v2\/posts\/287\/revisions\/289"}],"wp:attachment":[{"href":"http:\/\/theoretikerclub.de\/index.php\/wp-json\/wp\/v2\/media?parent=287"}],"wp:term":[{"taxonomy":"category","embeddable":true,"href":"http:\/\/theoretikerclub.de\/index.php\/wp-json\/wp\/v2\/categories?post=287"},{"taxonomy":"post_tag","embeddable":true,"href":"http:\/\/theoretikerclub.de\/index.php\/wp-json\/wp\/v2\/tags?post=287"}],"curies":[{"name":"wp","href":"https:\/\/api.w.org\/{rel}","templated":true}]}}